{"id":4033,"date":"2018-10-16T19:27:58","date_gmt":"2018-10-16T19:27:58","guid":{"rendered":"http:\/\/www.aiasport.it\/?p=4033"},"modified":"2018-10-16T19:42:12","modified_gmt":"2018-10-16T19:42:12","slug":"memorial-cesare-roffi-estenio-mingozzi-27-ottobre-2018","status":"publish","type":"post","link":"https:\/\/www.aiasport.it\/index.php\/memorial-cesare-roffi-estenio-mingozzi-27-ottobre-2018\/","title":{"rendered":"&#8220;Memorial Cesare Roffi-Estenio Mingozzi&#8221; &#8211; 27 Ottobre 2018"},"content":{"rendered":"<p><a href=\"http:\/\/www.aiasport.it\/wp-content\/uploads\/2018\/10\/Volantino-Memorial-2018-001.jpg\"><br \/>\n<img loading=\"lazy\" decoding=\"async\" class=\"aligncenter wp-image-4036\" src=\"http:\/\/www.aiasport.it\/wp-content\/uploads\/2018\/10\/Volantino-Memorial-2018-001-590x835.jpg\" alt=\"\" width=\"538\" height=\"762\" srcset=\"https:\/\/www.aiasport.it\/wp-content\/uploads\/2018\/10\/Volantino-Memorial-2018-001-590x835.jpg 590w, https:\/\/www.aiasport.it\/wp-content\/uploads\/2018\/10\/Volantino-Memorial-2018-001-500x707.jpg 500w, https:\/\/www.aiasport.it\/wp-content\/uploads\/2018\/10\/Volantino-Memorial-2018-001-700x990.jpg 700w, https:\/\/www.aiasport.it\/wp-content\/uploads\/2018\/10\/Volantino-Memorial-2018-001-106x150.jpg 106w, https:\/\/www.aiasport.it\/wp-content\/uploads\/2018\/10\/Volantino-Memorial-2018-001-768x1086.jpg 768w, https:\/\/www.aiasport.it\/wp-content\/uploads\/2018\/10\/Volantino-Memorial-2018-001-950x1344.jpg 950w, https:\/\/www.aiasport.it\/wp-content\/uploads\/2018\/10\/Volantino-Memorial-2018-001.jpg 1684w\" sizes=\"(max-width: 538px) 100vw, 538px\" \/><\/a><\/p>\n<h3><span style=\"font-family: Arial;\">Siete invitati alla\u00a0\u201cFesta dell\u2019integrazione: Memorial Cesare Roffi-Estenio Mingozzi&#8221;,\u00a0che quest\u2019anno \u00e8 giunta alla sua V\u00b0 edizione,\u00a0<\/span><span style=\"font-family: Arial;\">per ricordare questi due grandi \u201cuomini di cavalli\u201d che tanto hanno fatto per l\u2019Aiasport Onlus e per i nostri ragazzi.\u00a0<\/span><span style=\"font-family: Arial;\">La manifestazione sportiva si terr\u00e0\u00a0<\/span><b>Sabato 27 Ottobre 2018\u00a0<\/b><span style=\"font-family: Arial;\">presso il circolo ippico G.E.S.E. in via Jussi n. 140 a San Lazzaro di Savena, a partire\u00a0<\/span><b>dalle ore 14.00 fino alle ore 18,30 circa<\/b><span style=\"font-family: Arial;\">.\u00a0<\/span><\/h3>\n<p><!--more--><\/p>\n<h3>Sar\u00e0 anche quest\u2019anno un\u2019occasione di reale integrazione, dove al centro sar\u00e0 posta la persona e non il risultato e verr\u00e0 premiata la capacit\u00e0 di ciascun partecipante a collaborare con gli altri, nel rispetto delle differenze di ogni individuo.<\/h3>\n<div class=\"ox-5e7c687dc3-moz-forward-container\">\n<div class=\"ox-5e7c687dc3-moz-forward-container\">\n<div class=\"ox-5e7c687dc3-moz-forward-container\">\n<div class=\"ox-5e7c687dc3-moz-forward-container\">\n<div class=\"ox-5e7c687dc3-moz-forward-container\">\n<div class=\"ox-5e7c687dc3-moz-forward-container\">\n<div class=\"ox-5e7c687dc3-moz-forward-container\">\n<h3>Vi aspettiamo numerosi!<\/h3>\n<\/div>\n<\/div>\n<\/div>\n<\/div>\n<\/div>\n<\/div>\n<\/div>\n<p>&nbsp;<\/p>\n","protected":false},"excerpt":{"rendered":"<p>Siete invitati alla\u00a0\u201cFesta dell\u2019integrazione: Memorial Cesare Roffi-Estenio Mingozzi&#8221;,\u00a0che quest\u2019anno \u00e8 giunta alla sua V\u00b0 edizione,\u00a0per ricordare questi due grandi \u201cuomini di cavalli\u201d che tanto hanno fatto per l\u2019Aiasport Onlus e per i nostri ragazzi.\u00a0La manifestazione sportiva si terr\u00e0\u00a0Sabato 27 Ottobre 2018\u00a0presso il circolo ippico G.E.S.E. in via Jussi n. 140 a San Lazzaro di Savena, &hellip; <\/p>\n<p><a class=\"more-link btn\" href=\"https:\/\/www.aiasport.it\/index.php\/memorial-cesare-roffi-estenio-mingozzi-27-ottobre-2018\/\">Continua a leggere<\/a><\/p>\n","protected":false},"author":1,"featured_media":4044,"comment_status":"open","ping_status":"open","sticky":false,"template":"","format":"standard","meta":{"footnotes":""},"categories":[52,21],"tags":[12,15,148,94,90,97,40,110,124],"_links":{"self":[{"href":"https:\/\/www.aiasport.it\/index.php\/wp-json\/wp\/v2\/posts\/4033"}],"collection":[{"href":"https:\/\/www.aiasport.it\/index.php\/wp-json\/wp\/v2\/posts"}],"about":[{"href":"https:\/\/www.aiasport.it\/index.php\/wp-json\/wp\/v2\/types\/post"}],"author":[{"embeddable":true,"href":"https:\/\/www.aiasport.it\/index.php\/wp-json\/wp\/v2\/users\/1"}],"replies":[{"embeddable":true,"href":"https:\/\/www.aiasport.it\/index.php\/wp-json\/wp\/v2\/comments?post=4033"}],"version-history":[{"count":4,"href":"https:\/\/www.aiasport.it\/index.php\/wp-json\/wp\/v2\/posts\/4033\/revisions"}],"predecessor-version":[{"id":4041,"href":"https:\/\/www.aiasport.it\/index.php\/wp-json\/wp\/v2\/posts\/4033\/revisions\/4041"}],"wp:featuredmedia":[{"embeddable":true,"href":"https:\/\/www.aiasport.it\/index.php\/wp-json\/wp\/v2\/media\/4044"}],"wp:attachment":[{"href":"https:\/\/www.aiasport.it\/index.php\/wp-json\/wp\/v2\/media?parent=4033"}],"wp:term":[{"taxonomy":"category","embeddable":true,"href":"https:\/\/www.aiasport.it\/index.php\/wp-json\/wp\/v2\/categories?post=4033"},{"taxonomy":"post_tag","embeddable":true,"href":"https:\/\/www.aiasport.it\/index.php\/wp-json\/wp\/v2\/tags?post=4033"}],"curies":[{"name":"wp","href":"https:\/\/api.w.org\/{rel}","templated":true}]}}