{"id":3934,"date":"2018-07-03T21:04:56","date_gmt":"2018-07-03T21:04:56","guid":{"rendered":"http:\/\/www.aiasport.it\/?p=3934"},"modified":"2018-12-11T18:16:34","modified_gmt":"2018-12-11T18:16:34","slug":"camp-a-cavallo-2018","status":"publish","type":"post","link":"https:\/\/www.aiasport.it\/index.php\/camp-a-cavallo-2018\/","title":{"rendered":"Camp a cavallo 2018"},"content":{"rendered":"<p><a href=\"http:\/\/www.aiasport.it\/wp-content\/uploads\/2018\/07\/Gruppo-Medi-a-cavallo.jpg\"><img loading=\"lazy\" decoding=\"async\" class=\"aligncenter wp-image-3935\" src=\"http:\/\/www.aiasport.it\/wp-content\/uploads\/2018\/07\/Gruppo-Medi-a-cavallo-590x332.jpg\" alt=\"\" width=\"567\" height=\"319\" srcset=\"https:\/\/www.aiasport.it\/wp-content\/uploads\/2018\/07\/Gruppo-Medi-a-cavallo-590x332.jpg 590w, https:\/\/www.aiasport.it\/wp-content\/uploads\/2018\/07\/Gruppo-Medi-a-cavallo-500x281.jpg 500w, https:\/\/www.aiasport.it\/wp-content\/uploads\/2018\/07\/Gruppo-Medi-a-cavallo-700x394.jpg 700w, https:\/\/www.aiasport.it\/wp-content\/uploads\/2018\/07\/Gruppo-Medi-a-cavallo-267x150.jpg 267w, https:\/\/www.aiasport.it\/wp-content\/uploads\/2018\/07\/Gruppo-Medi-a-cavallo-768x432.jpg 768w, https:\/\/www.aiasport.it\/wp-content\/uploads\/2018\/07\/Gruppo-Medi-a-cavallo-950x534.jpg 950w, https:\/\/www.aiasport.it\/wp-content\/uploads\/2018\/07\/Gruppo-Medi-a-cavallo.jpg 1600w\" sizes=\"(max-width: 567px) 100vw, 567px\" \/><\/a><\/p>\n<h3 align=\"JUSTIFY\"><span style=\"font-family: Arial, sans-serif;\"><span style=\"font-size: medium;\">E anche quest\u2019anno sono ripartite le settimane verdi a cavallo, quest\u2019anno con molti bimbi e ragazzi nuovi (20 in tutto). Due sono stati gli appuntamenti di Giugno: per i pi\u00f9 piccoli (dai 7 ai 10 anni) dal 18 al 22 e per i ragazzi pi\u00f9 grandicelli (dagli 11 ai 15 anni) dal 25 al 29 Giugno! Sono state due settimane intense, in cui \u00e8 sempre prevalso il grande amore per gli amici cavalli e per lo stare in mezzo alla natura &#8230;.tutti liberi di esprimersi e di stare insieme in allegria!<\/span><\/span><\/h3>\n<p align=\"JUSTIFY\"><a href=\"http:\/\/www.aiasport.it\/wp-content\/uploads\/2018\/07\/Carosello-gruppo-Medi.jpg\"><img loading=\"lazy\" decoding=\"async\" class=\"aligncenter wp-image-3936\" src=\"http:\/\/www.aiasport.it\/wp-content\/uploads\/2018\/07\/Carosello-gruppo-Medi-590x443.jpg\" alt=\"\" width=\"531\" height=\"399\" srcset=\"https:\/\/www.aiasport.it\/wp-content\/uploads\/2018\/07\/Carosello-gruppo-Medi-590x443.jpg 590w, https:\/\/www.aiasport.it\/wp-content\/uploads\/2018\/07\/Carosello-gruppo-Medi-500x375.jpg 500w, https:\/\/www.aiasport.it\/wp-content\/uploads\/2018\/07\/Carosello-gruppo-Medi-700x525.jpg 700w, https:\/\/www.aiasport.it\/wp-content\/uploads\/2018\/07\/Carosello-gruppo-Medi-200x150.jpg 200w, https:\/\/www.aiasport.it\/wp-content\/uploads\/2018\/07\/Carosello-gruppo-Medi-768x576.jpg 768w, https:\/\/www.aiasport.it\/wp-content\/uploads\/2018\/07\/Carosello-gruppo-Medi-950x713.jpg 950w, https:\/\/www.aiasport.it\/wp-content\/uploads\/2018\/07\/Carosello-gruppo-Medi.jpg 1024w\" sizes=\"(max-width: 531px) 100vw, 531px\" \/><\/a><\/p>\n<p align=\"JUSTIFY\"><a href=\"http:\/\/www.aiasport.it\/wp-content\/uploads\/2018\/07\/Carosello-piccoli.jpg\"><img loading=\"lazy\" decoding=\"async\" class=\"aligncenter wp-image-3937\" src=\"http:\/\/www.aiasport.it\/wp-content\/uploads\/2018\/07\/Carosello-piccoli-590x443.jpg\" alt=\"\" width=\"538\" height=\"404\" srcset=\"https:\/\/www.aiasport.it\/wp-content\/uploads\/2018\/07\/Carosello-piccoli-590x443.jpg 590w, https:\/\/www.aiasport.it\/wp-content\/uploads\/2018\/07\/Carosello-piccoli-500x375.jpg 500w, https:\/\/www.aiasport.it\/wp-content\/uploads\/2018\/07\/Carosello-piccoli-700x525.jpg 700w, https:\/\/www.aiasport.it\/wp-content\/uploads\/2018\/07\/Carosello-piccoli-200x150.jpg 200w, https:\/\/www.aiasport.it\/wp-content\/uploads\/2018\/07\/Carosello-piccoli-768x576.jpg 768w, https:\/\/www.aiasport.it\/wp-content\/uploads\/2018\/07\/Carosello-piccoli-950x713.jpg 950w, https:\/\/www.aiasport.it\/wp-content\/uploads\/2018\/07\/Carosello-piccoli.jpg 1600w\" sizes=\"(max-width: 538px) 100vw, 538px\" \/><\/a><\/p>\n<h3 align=\"JUSTIFY\"><span style=\"font-family: Arial, sans-serif;\"><span style=\"font-size: medium;\">Come per i precedenti anni la mattina era dedicata alle attivit\u00e0 con i cavalli: andare a prenderli in paddock, osservare i loro comportamenti, pulirli e sellarli, e infine montarli e compiere vari giochi ed esercizi in sella all\u2019interno del maneggio coperto e poi delle bellissime passeggiate nei verdeggianti sentieri del GESE. Il pomeriggio invece era dedicato a varie attivit\u00e0 e laboratori (piscina, laboratorio di pittura), nonch\u00e9 ai giochi in gruppo nella bellissima piana del GESE con la base di appoggio presso la Grande Quercia che, con la sua fresca ombra, ci ha permesso di trascorrere dei bellissimi pomeriggi e di poter stare tutti insieme!<\/span><\/span><\/h3>\n\n\t\t<style type=\"text\/css\">\n\t\t\t#gallery-1 {\n\t\t\t\tmargin: auto;\n\t\t\t}\n\t\t\t#gallery-1 .gallery-item {\n\t\t\t\tfloat: left;\n\t\t\t\tmargin-top: 10px;\n\t\t\t\ttext-align: center;\n\t\t\t\twidth: 33%;\n\t\t\t}\n\t\t\t#gallery-1 img {\n\t\t\t\tborder: 2px solid #cfcfcf;\n\t\t\t}\n\t\t\t#gallery-1 .gallery-caption {\n\t\t\t\tmargin-left: 0;\n\t\t\t}\n\t\t\t\/* see gallery_shortcode() in wp-includes\/media.php *\/\n\t\t<\/style>\n\t\t<div id='gallery-1' class='gallery galleryid-3934 gallery-columns-3 gallery-size-thumbnail'><dl class='gallery-item'>\n\t\t\t<dt class='gallery-icon landscape'>\n\t\t\t\t<a href='https:\/\/www.aiasport.it\/wp-content\/uploads\/2018\/07\/Giochi-a-squadra-medi-1.jpg'><img loading=\"lazy\" decoding=\"async\" width=\"200\" height=\"150\" src=\"https:\/\/www.aiasport.it\/wp-content\/uploads\/2018\/07\/Giochi-a-squadra-medi-1-200x150.jpg\" class=\"attachment-thumbnail size-thumbnail\" alt=\"\" srcset=\"https:\/\/www.aiasport.it\/wp-content\/uploads\/2018\/07\/Giochi-a-squadra-medi-1-200x150.jpg 200w, https:\/\/www.aiasport.it\/wp-content\/uploads\/2018\/07\/Giochi-a-squadra-medi-1-500x375.jpg 500w, https:\/\/www.aiasport.it\/wp-content\/uploads\/2018\/07\/Giochi-a-squadra-medi-1-700x525.jpg 700w, https:\/\/www.aiasport.it\/wp-content\/uploads\/2018\/07\/Giochi-a-squadra-medi-1-590x443.jpg 590w, https:\/\/www.aiasport.it\/wp-content\/uploads\/2018\/07\/Giochi-a-squadra-medi-1-768x576.jpg 768w, https:\/\/www.aiasport.it\/wp-content\/uploads\/2018\/07\/Giochi-a-squadra-medi-1-950x713.jpg 950w, https:\/\/www.aiasport.it\/wp-content\/uploads\/2018\/07\/Giochi-a-squadra-medi-1.jpg 1600w\" sizes=\"(max-width: 200px) 100vw, 200px\" \/><\/a>\n\t\t\t<\/dt><\/dl><dl class='gallery-item'>\n\t\t\t<dt class='gallery-icon landscape'>\n\t\t\t\t<a href='https:\/\/www.aiasport.it\/wp-content\/uploads\/2018\/07\/Piccoli-in-maneggio.jpg'><img loading=\"lazy\" decoding=\"async\" width=\"200\" height=\"150\" src=\"https:\/\/www.aiasport.it\/wp-content\/uploads\/2018\/07\/Piccoli-in-maneggio-200x150.jpg\" class=\"attachment-thumbnail size-thumbnail\" alt=\"\" srcset=\"https:\/\/www.aiasport.it\/wp-content\/uploads\/2018\/07\/Piccoli-in-maneggio-200x150.jpg 200w, https:\/\/www.aiasport.it\/wp-content\/uploads\/2018\/07\/Piccoli-in-maneggio-500x375.jpg 500w, https:\/\/www.aiasport.it\/wp-content\/uploads\/2018\/07\/Piccoli-in-maneggio-700x525.jpg 700w, https:\/\/www.aiasport.it\/wp-content\/uploads\/2018\/07\/Piccoli-in-maneggio-590x443.jpg 590w, https:\/\/www.aiasport.it\/wp-content\/uploads\/2018\/07\/Piccoli-in-maneggio-768x576.jpg 768w, https:\/\/www.aiasport.it\/wp-content\/uploads\/2018\/07\/Piccoli-in-maneggio-950x713.jpg 950w, https:\/\/www.aiasport.it\/wp-content\/uploads\/2018\/07\/Piccoli-in-maneggio.jpg 1600w\" sizes=\"(max-width: 200px) 100vw, 200px\" \/><\/a>\n\t\t\t<\/dt><\/dl><dl class='gallery-item'>\n\t\t\t<dt class='gallery-icon landscape'>\n\t\t\t\t<a href='https:\/\/www.aiasport.it\/wp-content\/uploads\/2018\/07\/Passeggiata-piccoli.jpg'><img loading=\"lazy\" decoding=\"async\" width=\"200\" height=\"150\" src=\"https:\/\/www.aiasport.it\/wp-content\/uploads\/2018\/07\/Passeggiata-piccoli-200x150.jpg\" class=\"attachment-thumbnail size-thumbnail\" alt=\"\" srcset=\"https:\/\/www.aiasport.it\/wp-content\/uploads\/2018\/07\/Passeggiata-piccoli-200x150.jpg 200w, https:\/\/www.aiasport.it\/wp-content\/uploads\/2018\/07\/Passeggiata-piccoli-500x375.jpg 500w, https:\/\/www.aiasport.it\/wp-content\/uploads\/2018\/07\/Passeggiata-piccoli-700x525.jpg 700w, https:\/\/www.aiasport.it\/wp-content\/uploads\/2018\/07\/Passeggiata-piccoli-590x443.jpg 590w, https:\/\/www.aiasport.it\/wp-content\/uploads\/2018\/07\/Passeggiata-piccoli-768x576.jpg 768w, https:\/\/www.aiasport.it\/wp-content\/uploads\/2018\/07\/Passeggiata-piccoli-950x713.jpg 950w, https:\/\/www.aiasport.it\/wp-content\/uploads\/2018\/07\/Passeggiata-piccoli.jpg 1600w\" sizes=\"(max-width: 200px) 100vw, 200px\" \/><\/a>\n\t\t\t<\/dt><\/dl><br style=\"clear: both\" \/><dl class='gallery-item'>\n\t\t\t<dt class='gallery-icon landscape'>\n\t\t\t\t<a href='https:\/\/www.aiasport.it\/wp-content\/uploads\/2018\/07\/Relax-in-piana-piccoli.jpg'><img loading=\"lazy\" decoding=\"async\" width=\"200\" height=\"150\" src=\"https:\/\/www.aiasport.it\/wp-content\/uploads\/2018\/07\/Relax-in-piana-piccoli-200x150.jpg\" class=\"attachment-thumbnail size-thumbnail\" alt=\"\" srcset=\"https:\/\/www.aiasport.it\/wp-content\/uploads\/2018\/07\/Relax-in-piana-piccoli-200x150.jpg 200w, https:\/\/www.aiasport.it\/wp-content\/uploads\/2018\/07\/Relax-in-piana-piccoli-500x375.jpg 500w, https:\/\/www.aiasport.it\/wp-content\/uploads\/2018\/07\/Relax-in-piana-piccoli-700x525.jpg 700w, https:\/\/www.aiasport.it\/wp-content\/uploads\/2018\/07\/Relax-in-piana-piccoli-590x443.jpg 590w, https:\/\/www.aiasport.it\/wp-content\/uploads\/2018\/07\/Relax-in-piana-piccoli-768x576.jpg 768w, https:\/\/www.aiasport.it\/wp-content\/uploads\/2018\/07\/Relax-in-piana-piccoli-950x713.jpg 950w, https:\/\/www.aiasport.it\/wp-content\/uploads\/2018\/07\/Relax-in-piana-piccoli.jpg 1600w\" sizes=\"(max-width: 200px) 100vw, 200px\" \/><\/a>\n\t\t\t<\/dt><\/dl><dl class='gallery-item'>\n\t\t\t<dt class='gallery-icon landscape'>\n\t\t\t\t<a href='https:\/\/www.aiasport.it\/wp-content\/uploads\/2018\/07\/Laboratorio-magliette.jpg'><img loading=\"lazy\" decoding=\"async\" width=\"200\" height=\"150\" src=\"https:\/\/www.aiasport.it\/wp-content\/uploads\/2018\/07\/Laboratorio-magliette-200x150.jpg\" class=\"attachment-thumbnail size-thumbnail\" alt=\"\" srcset=\"https:\/\/www.aiasport.it\/wp-content\/uploads\/2018\/07\/Laboratorio-magliette-200x150.jpg 200w, https:\/\/www.aiasport.it\/wp-content\/uploads\/2018\/07\/Laboratorio-magliette-500x375.jpg 500w, https:\/\/www.aiasport.it\/wp-content\/uploads\/2018\/07\/Laboratorio-magliette-700x525.jpg 700w, https:\/\/www.aiasport.it\/wp-content\/uploads\/2018\/07\/Laboratorio-magliette-590x443.jpg 590w, https:\/\/www.aiasport.it\/wp-content\/uploads\/2018\/07\/Laboratorio-magliette-768x576.jpg 768w, https:\/\/www.aiasport.it\/wp-content\/uploads\/2018\/07\/Laboratorio-magliette-950x713.jpg 950w, https:\/\/www.aiasport.it\/wp-content\/uploads\/2018\/07\/Laboratorio-magliette.jpg 1600w\" sizes=\"(max-width: 200px) 100vw, 200px\" \/><\/a>\n\t\t\t<\/dt><\/dl><dl class='gallery-item'>\n\t\t\t<dt class='gallery-icon landscape'>\n\t\t\t\t<a href='https:\/\/www.aiasport.it\/wp-content\/uploads\/2018\/07\/Gruppo-piccoli-18-22-giugno.jpg'><img loading=\"lazy\" decoding=\"async\" width=\"200\" height=\"150\" src=\"https:\/\/www.aiasport.it\/wp-content\/uploads\/2018\/07\/Gruppo-piccoli-18-22-giugno-200x150.jpg\" class=\"attachment-thumbnail size-thumbnail\" alt=\"\" srcset=\"https:\/\/www.aiasport.it\/wp-content\/uploads\/2018\/07\/Gruppo-piccoli-18-22-giugno-200x150.jpg 200w, https:\/\/www.aiasport.it\/wp-content\/uploads\/2018\/07\/Gruppo-piccoli-18-22-giugno-500x375.jpg 500w, https:\/\/www.aiasport.it\/wp-content\/uploads\/2018\/07\/Gruppo-piccoli-18-22-giugno-700x525.jpg 700w, https:\/\/www.aiasport.it\/wp-content\/uploads\/2018\/07\/Gruppo-piccoli-18-22-giugno-590x443.jpg 590w, https:\/\/www.aiasport.it\/wp-content\/uploads\/2018\/07\/Gruppo-piccoli-18-22-giugno-768x576.jpg 768w, https:\/\/www.aiasport.it\/wp-content\/uploads\/2018\/07\/Gruppo-piccoli-18-22-giugno-950x713.jpg 950w, https:\/\/www.aiasport.it\/wp-content\/uploads\/2018\/07\/Gruppo-piccoli-18-22-giugno.jpg 1024w\" sizes=\"(max-width: 200px) 100vw, 200px\" \/><\/a>\n\t\t\t<\/dt><\/dl><br style=\"clear: both\" \/><dl class='gallery-item'>\n\t\t\t<dt class='gallery-icon landscape'>\n\t\t\t\t<a href='https:\/\/www.aiasport.it\/wp-content\/uploads\/2018\/07\/Giochi-in-piana-piccoli.jpg'><img loading=\"lazy\" decoding=\"async\" width=\"200\" height=\"150\" src=\"https:\/\/www.aiasport.it\/wp-content\/uploads\/2018\/07\/Giochi-in-piana-piccoli-200x150.jpg\" class=\"attachment-thumbnail size-thumbnail\" alt=\"\" srcset=\"https:\/\/www.aiasport.it\/wp-content\/uploads\/2018\/07\/Giochi-in-piana-piccoli-200x150.jpg 200w, https:\/\/www.aiasport.it\/wp-content\/uploads\/2018\/07\/Giochi-in-piana-piccoli-500x375.jpg 500w, https:\/\/www.aiasport.it\/wp-content\/uploads\/2018\/07\/Giochi-in-piana-piccoli-700x525.jpg 700w, https:\/\/www.aiasport.it\/wp-content\/uploads\/2018\/07\/Giochi-in-piana-piccoli-590x443.jpg 590w, https:\/\/www.aiasport.it\/wp-content\/uploads\/2018\/07\/Giochi-in-piana-piccoli-768x576.jpg 768w, https:\/\/www.aiasport.it\/wp-content\/uploads\/2018\/07\/Giochi-in-piana-piccoli-950x713.jpg 950w, https:\/\/www.aiasport.it\/wp-content\/uploads\/2018\/07\/Giochi-in-piana-piccoli.jpg 1600w\" sizes=\"(max-width: 200px) 100vw, 200px\" \/><\/a>\n\t\t\t<\/dt><\/dl><dl class='gallery-item'>\n\t\t\t<dt class='gallery-icon landscape'>\n\t\t\t\t<a href='https:\/\/www.aiasport.it\/wp-content\/uploads\/2018\/07\/Giochi-in-piana-piccoli-2.jpg'><img loading=\"lazy\" decoding=\"async\" width=\"200\" height=\"150\" src=\"https:\/\/www.aiasport.it\/wp-content\/uploads\/2018\/07\/Giochi-in-piana-piccoli-2-200x150.jpg\" class=\"attachment-thumbnail size-thumbnail\" alt=\"\" srcset=\"https:\/\/www.aiasport.it\/wp-content\/uploads\/2018\/07\/Giochi-in-piana-piccoli-2-200x150.jpg 200w, https:\/\/www.aiasport.it\/wp-content\/uploads\/2018\/07\/Giochi-in-piana-piccoli-2-500x375.jpg 500w, https:\/\/www.aiasport.it\/wp-content\/uploads\/2018\/07\/Giochi-in-piana-piccoli-2-700x525.jpg 700w, https:\/\/www.aiasport.it\/wp-content\/uploads\/2018\/07\/Giochi-in-piana-piccoli-2-590x443.jpg 590w, https:\/\/www.aiasport.it\/wp-content\/uploads\/2018\/07\/Giochi-in-piana-piccoli-2-768x576.jpg 768w, https:\/\/www.aiasport.it\/wp-content\/uploads\/2018\/07\/Giochi-in-piana-piccoli-2-950x713.jpg 950w, https:\/\/www.aiasport.it\/wp-content\/uploads\/2018\/07\/Giochi-in-piana-piccoli-2.jpg 1600w\" sizes=\"(max-width: 200px) 100vw, 200px\" \/><\/a>\n\t\t\t<\/dt><\/dl><dl class='gallery-item'>\n\t\t\t<dt class='gallery-icon landscape'>\n\t\t\t\t<a href='https:\/\/www.aiasport.it\/wp-content\/uploads\/2018\/07\/Giochi-in-piana-medi.jpg'><img loading=\"lazy\" decoding=\"async\" width=\"200\" height=\"150\" src=\"https:\/\/www.aiasport.it\/wp-content\/uploads\/2018\/07\/Giochi-in-piana-medi-200x150.jpg\" class=\"attachment-thumbnail size-thumbnail\" alt=\"\" srcset=\"https:\/\/www.aiasport.it\/wp-content\/uploads\/2018\/07\/Giochi-in-piana-medi-200x150.jpg 200w, https:\/\/www.aiasport.it\/wp-content\/uploads\/2018\/07\/Giochi-in-piana-medi-500x375.jpg 500w, https:\/\/www.aiasport.it\/wp-content\/uploads\/2018\/07\/Giochi-in-piana-medi-700x525.jpg 700w, https:\/\/www.aiasport.it\/wp-content\/uploads\/2018\/07\/Giochi-in-piana-medi-590x443.jpg 590w, https:\/\/www.aiasport.it\/wp-content\/uploads\/2018\/07\/Giochi-in-piana-medi-768x576.jpg 768w, https:\/\/www.aiasport.it\/wp-content\/uploads\/2018\/07\/Giochi-in-piana-medi-950x713.jpg 950w, https:\/\/www.aiasport.it\/wp-content\/uploads\/2018\/07\/Giochi-in-piana-medi.jpg 1600w\" sizes=\"(max-width: 200px) 100vw, 200px\" \/><\/a>\n\t\t\t<\/dt><\/dl><br style=\"clear: both\" \/><dl class='gallery-item'>\n\t\t\t<dt class='gallery-icon portrait'>\n\t\t\t\t<a href='https:\/\/www.aiasport.it\/wp-content\/uploads\/2018\/07\/Trecce-ai-cavalli-piccoli.jpg'><img loading=\"lazy\" decoding=\"async\" width=\"113\" height=\"150\" src=\"https:\/\/www.aiasport.it\/wp-content\/uploads\/2018\/07\/Trecce-ai-cavalli-piccoli-113x150.jpg\" class=\"attachment-thumbnail size-thumbnail\" alt=\"\" srcset=\"https:\/\/www.aiasport.it\/wp-content\/uploads\/2018\/07\/Trecce-ai-cavalli-piccoli-113x150.jpg 113w, https:\/\/www.aiasport.it\/wp-content\/uploads\/2018\/07\/Trecce-ai-cavalli-piccoli-500x667.jpg 500w, https:\/\/www.aiasport.it\/wp-content\/uploads\/2018\/07\/Trecce-ai-cavalli-piccoli-700x933.jpg 700w, https:\/\/www.aiasport.it\/wp-content\/uploads\/2018\/07\/Trecce-ai-cavalli-piccoli-590x787.jpg 590w, https:\/\/www.aiasport.it\/wp-content\/uploads\/2018\/07\/Trecce-ai-cavalli-piccoli-768x1024.jpg 768w, https:\/\/www.aiasport.it\/wp-content\/uploads\/2018\/07\/Trecce-ai-cavalli-piccoli-950x1267.jpg 950w, https:\/\/www.aiasport.it\/wp-content\/uploads\/2018\/07\/Trecce-ai-cavalli-piccoli.jpg 1200w\" sizes=\"(max-width: 113px) 100vw, 113px\" \/><\/a>\n\t\t\t<\/dt><\/dl>\n\t\t\t<br style='clear: both' \/>\n\t\t<\/div>\n\n<h3 align=\"JUSTIFY\"><span style=\"font-family: Arial, sans-serif;\"><span style=\"font-size: medium;\">Grazie a tutti gli operatori, ai volontari, ai cavalli e ai ragazzi che hanno partecipato a questi 2 fantastici Camp a cavallo. E grazie di cuore <\/span><span style=\"font-size: medium;\"><u>all\u2019<a href=\"http:\/\/www.reusewithlove.org\/it\/home\/\">Associazione Re-Use with Love<\/a><\/u><\/span><span style=\"font-size: medium;\"> e alla <\/span><a href=\"http:\/\/www.fondazioneirmaromagnoli.org\/\"><span style=\"font-size: medium;\"><u>Fondazione Irma Romagnoli Onlus<\/u><\/span><\/a><span style=\"font-size: medium;\">, che con il loro prezioso contributo, hanno permesso la realizzazione di questo ambizioso progetto e, soprattutto, che potesse essere fruibile a tutti.<\/span><\/span><\/h3>\n<h3 align=\"JUSTIFY\"><span style=\"font-family: Arial, sans-serif;\"><span style=\"font-size: medium;\">Appuntamento al 10 Settembre con il terzo appuntamento dell\u2019estate: l\u2019attesissimo Camp a cavallo per gli adolescenti dell\u2019Aiasport Onlus!<\/span><\/span><\/h3>\n<p>&nbsp;<\/p>\n<h3 align=\"RIGHT\"><span style=\"font-family: Arial, sans-serif;\"><span style=\"font-size: medium;\">Angela Zampa, Responsabile Camp a cavallo Aiasport Onlus<\/span><\/span><\/h3>\n","protected":false},"excerpt":{"rendered":"<p>E anche quest\u2019anno sono ripartite le settimane verdi a cavallo, quest\u2019anno con molti bimbi e ragazzi nuovi (20 in tutto). Due sono stati gli appuntamenti di Giugno: per i pi\u00f9 piccoli (dai 7 ai 10 anni) dal 18 al 22 e per i ragazzi pi\u00f9 grandicelli (dagli 11 ai 15 anni) dal 25 al 29 &hellip; <\/p>\n<p><a class=\"more-link btn\" href=\"https:\/\/www.aiasport.it\/index.php\/camp-a-cavallo-2018\/\">Continua a leggere<\/a><\/p>\n","protected":false},"author":1,"featured_media":0,"comment_status":"open","ping_status":"open","sticky":false,"template":"","format":"standard","meta":{"footnotes":""},"categories":[114,52,21],"tags":[115,12,15,32,150,148,40,124],"_links":{"self":[{"href":"https:\/\/www.aiasport.it\/index.php\/wp-json\/wp\/v2\/posts\/3934"}],"collection":[{"href":"https:\/\/www.aiasport.it\/index.php\/wp-json\/wp\/v2\/posts"}],"about":[{"href":"https:\/\/www.aiasport.it\/index.php\/wp-json\/wp\/v2\/types\/post"}],"author":[{"embeddable":true,"href":"https:\/\/www.aiasport.it\/index.php\/wp-json\/wp\/v2\/users\/1"}],"replies":[{"embeddable":true,"href":"https:\/\/www.aiasport.it\/index.php\/wp-json\/wp\/v2\/comments?post=3934"}],"version-history":[{"count":10,"href":"https:\/\/www.aiasport.it\/index.php\/wp-json\/wp\/v2\/posts\/3934\/revisions"}],"predecessor-version":[{"id":4089,"href":"https:\/\/www.aiasport.it\/index.php\/wp-json\/wp\/v2\/posts\/3934\/revisions\/4089"}],"wp:attachment":[{"href":"https:\/\/www.aiasport.it\/index.php\/wp-json\/wp\/v2\/media?parent=3934"}],"wp:term":[{"taxonomy":"category","embeddable":true,"href":"https:\/\/www.aiasport.it\/index.php\/wp-json\/wp\/v2\/categories?post=3934"},{"taxonomy":"post_tag","embeddable":true,"href":"https:\/\/www.aiasport.it\/index.php\/wp-json\/wp\/v2\/tags?post=3934"}],"curies":[{"name":"wp","href":"https:\/\/api.w.org\/{rel}","templated":true}]}}