{"id":2009,"date":"2014-10-16T20:43:08","date_gmt":"2014-10-16T20:43:08","guid":{"rendered":"http:\/\/www.aiasport.it\/?p=2009"},"modified":"2014-10-16T10:51:52","modified_gmt":"2014-10-16T10:51:52","slug":"festa-dellintegrazione-i-memorial-cesare-roffi","status":"publish","type":"post","link":"https:\/\/www.aiasport.it\/index.php\/festa-dellintegrazione-i-memorial-cesare-roffi\/","title":{"rendered":"Festa dell&#8217;Integrazione &#8211; I\u00b0 Memorial CESARE ROFFI"},"content":{"rendered":"<p><img loading=\"lazy\" decoding=\"async\" class=\"aligncenter size-full wp-image-2010\" title=\"Cesare e giada R2\" src=\"http:\/\/www.aiasport.it\/wp-content\/uploads\/2014\/10\/Cesare-e-giada-R2.jpg\" alt=\"\" width=\"386\" height=\"307\" srcset=\"https:\/\/www.aiasport.it\/wp-content\/uploads\/2014\/10\/Cesare-e-giada-R2.jpg 386w, https:\/\/www.aiasport.it\/wp-content\/uploads\/2014\/10\/Cesare-e-giada-R2-188x150.jpg 188w, https:\/\/www.aiasport.it\/wp-content\/uploads\/2014\/10\/Cesare-e-giada-R2-300x238.jpg 300w\" sizes=\"(max-width: 386px) 100vw, 386px\" \/><\/p>\n<h3 style=\"text-align: justify;\">Cari amici,<br \/>\n\u00c8 gi\u00e0 un anno e pi\u00f9 che il nostro caro Cesare ci ha lasciati.\u00a0Tutti noi, che abbiamo avuto il piacere e il privilegio di conoscerlo, sentiamo un grande vuoto.<\/h3>\n<h3 style=\"text-align: justify;\">L&#8217;Aiasport Onlus, che tanto ha amato e tanto deve a questo Uomo, ha pensato di organizzare un evento\u00a0in suo ricodo: <strong>\u00a0il primo &#8220;Memorial Cesare Roffi&#8221;<\/strong>, unitamente al Pony Club G.E.S.E. e al G.E.S.E. stesso.<\/h3>\n<h3 style=\"text-align: justify;\"><strong>La manifestazione\u00a0sportiva si svolger\u00e0 sabato 8 novembre 2014,\u00a0presso il Circolo Ippico \u201cG.E.S.E.\u201d, in via Jussi 140\/142, a San Lazzaro di Savena (BO),\u00a0a partire dalle ore 14 fino alle ore 18.30.\u00a0<\/strong><\/h3>\n<h3 style=\"text-align: justify;\">Sar\u00e0 una Festa dell&#8217;Integrazione dove verranno proposti giochi equestri a squadre formate da cavalieri disabili e non\u00a0allo\u00a0scopo di promuovere, migliorare e valorizzare la partecipazione sociale e l&#8217;integrazione di bambini, adolescenti e giovani adulti disabili allo \u201csport per tutti\u201d, quale diritto di tutti i cittadini, a prescindere dall\u2019et\u00e0, dalle categorie sociali di appartenenza e dal tipo di problematiche, ponendo al centro la persona e non il risultato.<br \/>\nSiamo quindi lieti di invitare a questo &#8220;piccolo grande&#8221; evento chi, come noi, avr\u00e0 piacere di ricordarlo con un p\u00f2 di nostalgia, ma anche con la serenit\u00e0 che Cesare sapeva regalare ogni volta che lo si incontrava passeggiando con i nostri e suoi amici cavalli.<\/h3>\n<h3 style=\"text-align: justify;\">Vi aspettiamo quindi numerosi&#8230;..<\/h3>\n<h3><strong><a href=\"http:\/\/www.aiasport.it\/wp-content\/uploads\/2014\/10\/Volantino-Memorial-Cesare-Roffi.pdf\" target=\"_blank\">Volantino Memorial Cesare Roffi<\/a><br \/>\n<\/strong><\/h3>\n","protected":false},"excerpt":{"rendered":"<p>Cari amici, \u00c8 gi\u00e0 un anno e pi\u00f9 che il nostro caro Cesare ci ha lasciati.\u00a0Tutti noi, che abbiamo avuto il piacere e il privilegio di conoscerlo, sentiamo un grande vuoto. L&#8217;Aiasport Onlus, che tanto ha amato e tanto deve a questo Uomo, ha pensato di organizzare un evento\u00a0in suo ricodo: \u00a0il primo &#8220;Memorial Cesare &hellip; <\/p>\n<p><a class=\"more-link btn\" href=\"https:\/\/www.aiasport.it\/index.php\/festa-dellintegrazione-i-memorial-cesare-roffi\/\">Continua a leggere<\/a><\/p>\n","protected":false},"author":1,"featured_media":2010,"comment_status":"open","ping_status":"open","sticky":false,"template":"","format":"standard","meta":{"footnotes":""},"categories":[52,21],"tags":[],"_links":{"self":[{"href":"https:\/\/www.aiasport.it\/index.php\/wp-json\/wp\/v2\/posts\/2009"}],"collection":[{"href":"https:\/\/www.aiasport.it\/index.php\/wp-json\/wp\/v2\/posts"}],"about":[{"href":"https:\/\/www.aiasport.it\/index.php\/wp-json\/wp\/v2\/types\/post"}],"author":[{"embeddable":true,"href":"https:\/\/www.aiasport.it\/index.php\/wp-json\/wp\/v2\/users\/1"}],"replies":[{"embeddable":true,"href":"https:\/\/www.aiasport.it\/index.php\/wp-json\/wp\/v2\/comments?post=2009"}],"version-history":[{"count":3,"href":"https:\/\/www.aiasport.it\/index.php\/wp-json\/wp\/v2\/posts\/2009\/revisions"}],"predecessor-version":[{"id":2014,"href":"https:\/\/www.aiasport.it\/index.php\/wp-json\/wp\/v2\/posts\/2009\/revisions\/2014"}],"wp:featuredmedia":[{"embeddable":true,"href":"https:\/\/www.aiasport.it\/index.php\/wp-json\/wp\/v2\/media\/2010"}],"wp:attachment":[{"href":"https:\/\/www.aiasport.it\/index.php\/wp-json\/wp\/v2\/media?parent=2009"}],"wp:term":[{"taxonomy":"category","embeddable":true,"href":"https:\/\/www.aiasport.it\/index.php\/wp-json\/wp\/v2\/categories?post=2009"},{"taxonomy":"post_tag","embeddable":true,"href":"https:\/\/www.aiasport.it\/index.php\/wp-json\/wp\/v2\/tags?post=2009"}],"curies":[{"name":"wp","href":"https:\/\/api.w.org\/{rel}","templated":true}]}}